{"id":1010,"date":"2021-09-23T22:24:48","date_gmt":"2021-09-23T20:24:48","guid":{"rendered":"https:\/\/dyrkowo.pl\/blog\/?p=1010"},"modified":"2023-04-01T18:25:49","modified_gmt":"2023-04-01T16:25:49","slug":"idea-slow-wedding","status":"publish","type":"post","link":"https:\/\/dyrkowo.pl\/blog\/idea-slow-wedding\/","title":{"rendered":"Idea Slow Wedding"},"content":{"rendered":"<p style=\"text-align: center;\"><strong>Wielki powr\u00f3t blogowania!<\/strong><\/p>\n<p style=\"text-align: center;\">Dzisiaj na tapet bierzemy ide\u0119 slow wedding.<\/p>\n<p style=\"text-align: center;\">Wiele si\u0119 o tym ostatnio m\u00f3wi, razem z Dorot\u0105 Grzeszczak i Natali\u0105 Kaszubowsk\u0105 nagra\u0142y\u015bmy o slow wedding odcinek <a href=\"https:\/\/open.spotify.com\/episode\/5LX9OwRasvlwBykgeNiOil\">podcastu<\/a> \u015alubne Dyrdyma\u0142y, do kt\u00f3rego ods\u0142uchania serdecznie Was zach\u0119cam jako lektur\u0119 uzupe\u0142niaj\u0105c\u0105 dzisiejszy post ?<\/p>\n<p style=\"text-align: center;\">Czym w\u0142a\u015bciwie jest slow wedding? Na czym to polega?<\/p>\n<div id=\"attachment_1014\" style=\"width: 310px\" class=\"wp-caption aligncenter\"><img aria-describedby=\"caption-attachment-1014\" loading=\"lazy\" class=\"size-medium wp-image-1014\" src=\"https:\/\/dyrkowo.pl\/blog\/wp-content\/uploads\/2021\/09\/dyrkowo2-75-of-90-300x200.jpg\" alt=\"\" width=\"300\" height=\"200\" srcset=\"https:\/\/dyrkowo.pl\/blog\/wp-content\/uploads\/2021\/09\/dyrkowo2-75-of-90-300x200.jpg 300w, https:\/\/dyrkowo.pl\/blog\/wp-content\/uploads\/2021\/09\/dyrkowo2-75-of-90-1024x683.jpg 1024w, https:\/\/dyrkowo.pl\/blog\/wp-content\/uploads\/2021\/09\/dyrkowo2-75-of-90-768x512.jpg 768w, https:\/\/dyrkowo.pl\/blog\/wp-content\/uploads\/2021\/09\/dyrkowo2-75-of-90-1536x1024.jpg 1536w, https:\/\/dyrkowo.pl\/blog\/wp-content\/uploads\/2021\/09\/dyrkowo2-75-of-90-2048x1365.jpg 2048w, https:\/\/dyrkowo.pl\/blog\/wp-content\/uploads\/2021\/09\/dyrkowo2-75-of-90-930x620.jpg 930w\" sizes=\"(max-width: 300px) 100vw, 300px\" \/><p id=\"caption-attachment-1014\" class=\"wp-caption-text\">Fotografia Kinga Nowakowska<\/p><\/div>\n<p style=\"text-align: center;\">Szczerze m\u00f3wi\u0105c, dla ka\u017cdego mo\u017ce to oznacza\u0107 co\u015b innego, bo dla ka\u017cdego s\u0142owo &#8222;slow&#8221; ma inne znaczenie.<\/p>\n<p style=\"text-align: center;\">Opowiem Wam pokr\u00f3tce jak ja widz\u0119 ide\u0119 slow wedding, bazuj\u0105c na swojej filozofii \u017cyciowej, ale te\u017c ju\u017c coraz wi\u0119kszym do\u015bwiadczeniu w organizacji w\u0142a\u015bnie takich \u015blub\u00f3w i wesel ?<\/p>\n<div id=\"attachment_1015\" style=\"width: 310px\" class=\"wp-caption aligncenter\"><img aria-describedby=\"caption-attachment-1015\" loading=\"lazy\" class=\"size-medium wp-image-1015\" src=\"https:\/\/dyrkowo.pl\/blog\/wp-content\/uploads\/2021\/09\/523-300x200.jpg\" alt=\"\" width=\"300\" height=\"200\" srcset=\"https:\/\/dyrkowo.pl\/blog\/wp-content\/uploads\/2021\/09\/523-300x200.jpg 300w, https:\/\/dyrkowo.pl\/blog\/wp-content\/uploads\/2021\/09\/523-1024x683.jpg 1024w, https:\/\/dyrkowo.pl\/blog\/wp-content\/uploads\/2021\/09\/523-768x512.jpg 768w, https:\/\/dyrkowo.pl\/blog\/wp-content\/uploads\/2021\/09\/523-1536x1024.jpg 1536w, https:\/\/dyrkowo.pl\/blog\/wp-content\/uploads\/2021\/09\/523-2048x1365.jpg 2048w, https:\/\/dyrkowo.pl\/blog\/wp-content\/uploads\/2021\/09\/523-930x620.jpg 930w\" sizes=\"(max-width: 300px) 100vw, 300px\" \/><p id=\"caption-attachment-1015\" class=\"wp-caption-text\">Fot. Katarzyna Orlea\u0144ska<\/p><\/div>\n<p style=\"text-align: center;\">Tak jak wspomnia\u0142am wcze\u015bniej, slow wedding dla ka\u017cdego mo\u017ce oznacza\u0107 co\u015b innego, jednak jest kilka \u201ezasad\u201d, kt\u00f3re idealnie daj\u0105 nam zarys tego, na czym to slow wedding polega:<\/p>\n<p style=\"text-align: center;\">&#8211; po swojemu<\/p>\n<p style=\"text-align: center;\">&#8211; na w\u0142asnych zasadach, z zachowaniem w\u0142asnych warto\u015bci<\/p>\n<p style=\"text-align: center;\">&#8211; bez schemat\u00f3w<\/p>\n<p style=\"text-align: center;\">To oczywi\u015bcie bardzo du\u017ce uproszczenie, dlatego przyjrzyjmy si\u0119 temu bli\u017cej ?<\/p>\n<p style=\"text-align: center;\">Przede wszystkim, postawcie sobie na pocz\u0105tku kilka pyta\u0144:<\/p>\n<p style=\"text-align: center;\">Kim jeste\u015bmy?<\/p>\n<p style=\"text-align: center;\">Jacy jeste\u015bmy?<\/p>\n<p style=\"text-align: center;\">Co lubimy?<\/p>\n<p style=\"text-align: center;\">Za czym nie przepadamy?<\/p>\n<p style=\"text-align: center;\">Je\u017celi odpowiecie sobie na te pytania, macie wst\u0119pny zarys tego, co znaczy slow wedding w Waszym wydaniu ?<\/p>\n<p style=\"text-align: center;\">W sumie na tym mog\u0142abym zako\u0144czy\u0107 i da\u0107 Wam na spokojnie pomy\u015ble\u0107, ale nic z tego &#8211; zapraszam dalej.<\/p>\n<div id=\"attachment_1016\" style=\"width: 310px\" class=\"wp-caption aligncenter\"><img aria-describedby=\"caption-attachment-1016\" loading=\"lazy\" class=\"size-medium wp-image-1016\" src=\"https:\/\/dyrkowo.pl\/blog\/wp-content\/uploads\/2021\/09\/Ada-i-Mariusz-191_websize-300x200.jpg\" alt=\"\" width=\"300\" height=\"200\" srcset=\"https:\/\/dyrkowo.pl\/blog\/wp-content\/uploads\/2021\/09\/Ada-i-Mariusz-191_websize-300x200.jpg 300w, https:\/\/dyrkowo.pl\/blog\/wp-content\/uploads\/2021\/09\/Ada-i-Mariusz-191_websize-1024x683.jpg 1024w, https:\/\/dyrkowo.pl\/blog\/wp-content\/uploads\/2021\/09\/Ada-i-Mariusz-191_websize-768x512.jpg 768w, https:\/\/dyrkowo.pl\/blog\/wp-content\/uploads\/2021\/09\/Ada-i-Mariusz-191_websize-1536x1024.jpg 1536w, https:\/\/dyrkowo.pl\/blog\/wp-content\/uploads\/2021\/09\/Ada-i-Mariusz-191_websize-930x620.jpg 930w, https:\/\/dyrkowo.pl\/blog\/wp-content\/uploads\/2021\/09\/Ada-i-Mariusz-191_websize.jpg 1600w\" sizes=\"(max-width: 300px) 100vw, 300px\" \/><p id=\"caption-attachment-1016\" class=\"wp-caption-text\">Martyna Wo\u017aniak Fotografia<\/p><\/div>\n<p style=\"text-align: center;\"><strong>Zacznijmy od pocz\u0105tku, czyli od kwestii \u015blubu.<\/strong><\/p>\n<p style=\"text-align: center;\">To jest zazwyczaj najbardziej sporny temat na linii M\u0142oda Para \u2013 Rodzice\/Rodzina. Nie powinno tak by\u0107, bo z za\u0142o\u017cenia \u015blub bior\u0105 ludzie doro\u015bli, kt\u00f3rzy sami wst\u0119puj\u0105c w zwi\u0105zek ma\u0142\u017ce\u0144ski\u2026 Zak\u0142adaj\u0105 SWOJ\u0104 rodzin\u0119.<\/p>\n<p style=\"text-align: center;\">Do czego zmierzam?<\/p>\n<p style=\"text-align: center;\">\u015alub ko\u015bcielny, cywilny, a mo\u017ce ceremonia humanistyczna? Ka\u017cda z tych form jest pi\u0119kna, warto\u015bciowa i gwarantuje Wam powodzenie w ma\u0142\u017ce\u0144stwie, je\u017celi j\u0105 czujecie, kochacie si\u0119 i jeste\u015bcie zgodni co do tego, \u017ce chcecie sp\u0119dzi\u0107 razem reszt\u0119 \u017cycia.<\/p>\n<p style=\"text-align: center;\">Je\u017celi wiara jest dla Was wa\u017cna, je\u017celi B\u00f3g jest dla Was wa\u017cny, je\u017celi bez zastanowienia pragniecie \u015blubu ko\u015bcielnego \u2013 cudownie!<\/p>\n<p style=\"text-align: center;\">Natomiast je\u017celi nie do ko\u0144ca rezonuje z Wami przysi\u0119ga z\u0142o\u017cona w ko\u015bciele, woleliby\u015bcie \u015blub cywilny w miejscu wesela, albo zale\u017cy Wam na wzruszaj\u0105cej, w stu procentach dopasowanej do Was ceremonii humanistycznej, naprawd\u0119 nie widz\u0119 powodu, by rezygnowa\u0107 z tego w imi\u0119 tradycji czy l\u0119ku przed tym, jak zostanie to odebrane przez rodzin\u0119.<\/p>\n<p style=\"text-align: center;\">Uwierzcie mi, kwestia \u201e\u015bwi\u0119tego spokoju\u201d to bardzo cz\u0119sty argument, gdy Para decyduje si\u0119 na \u015blub ko\u015bcielny, cho\u0107 nie do ko\u0144ca ma na to ochot\u0119.<\/p>\n<div id=\"attachment_1017\" style=\"width: 310px\" class=\"wp-caption aligncenter\"><img aria-describedby=\"caption-attachment-1017\" loading=\"lazy\" class=\"size-medium wp-image-1017\" src=\"https:\/\/dyrkowo.pl\/blog\/wp-content\/uploads\/2021\/09\/Weronika-i-Lukasz-291-300x200.jpg\" alt=\"\" width=\"300\" height=\"200\" srcset=\"https:\/\/dyrkowo.pl\/blog\/wp-content\/uploads\/2021\/09\/Weronika-i-Lukasz-291-300x200.jpg 300w, https:\/\/dyrkowo.pl\/blog\/wp-content\/uploads\/2021\/09\/Weronika-i-Lukasz-291-1024x683.jpg 1024w, https:\/\/dyrkowo.pl\/blog\/wp-content\/uploads\/2021\/09\/Weronika-i-Lukasz-291-768x512.jpg 768w, https:\/\/dyrkowo.pl\/blog\/wp-content\/uploads\/2021\/09\/Weronika-i-Lukasz-291-1536x1024.jpg 1536w, https:\/\/dyrkowo.pl\/blog\/wp-content\/uploads\/2021\/09\/Weronika-i-Lukasz-291-930x620.jpg 930w, https:\/\/dyrkowo.pl\/blog\/wp-content\/uploads\/2021\/09\/Weronika-i-Lukasz-291.jpg 1600w\" sizes=\"(max-width: 300px) 100vw, 300px\" \/><p id=\"caption-attachment-1017\" class=\"wp-caption-text\">Martyna Wo\u017aniak Fotografia<\/p><\/div>\n<p style=\"text-align: center;\"><strong>Kolejna kwestia to b\u0142ogos\u0142awie\u0144stwo organizowane w dniu ceremonii.<\/strong><\/p>\n<p style=\"text-align: center;\">To jest pi\u0119kny moment, jednak nie musi by\u0107 schematyczny. Je\u017celi nie chcecie kl\u0119cze\u0107 i ca\u0142owa\u0107 krzy\u017ca, mo\u017cecie zaproponowa\u0107 rodzicom\/dziadkom inne rozwi\u0105zanie.<\/p>\n<p style=\"text-align: center;\">Obiad czy kolacja w rodzinnym gronie po\u0142\u0105czona z subtelnym b\u0142ogos\u0142awie\u0144stwem, rozmow\u0105, mo\u017ce jakimi\u015b radami? Anegdotkami? Dlaczego nie?<\/p>\n<p style=\"text-align: center;\">Nie trzeba tego momentu, kt\u00f3ry zawsze jest do\u015b\u0107 wzruszaj\u0105cy fundowa\u0107 sobie i bliskim w dniu \u015blubu, tu\u017c przed ceremoni\u0105, w tradycyjnej formie.<\/p>\n<p style=\"text-align: center;\">Mo\u017cna ubra\u0107 to troch\u0119 inaczej, je\u017celi z jednej strony tradycyjna forma Wam nie odpowiada, a z drugiej jest to dla Was wa\u017cne, bo chcecie np. sprawi\u0107 przyjemno\u015b\u0107 dziadkom czy rodzicom.<\/p>\n<div id=\"attachment_1018\" style=\"width: 310px\" class=\"wp-caption aligncenter\"><img aria-describedby=\"caption-attachment-1018\" loading=\"lazy\" class=\"size-medium wp-image-1018\" src=\"https:\/\/dyrkowo.pl\/blog\/wp-content\/uploads\/2021\/09\/Weronika-i-Lukasz-51-300x200.jpg\" alt=\"\" width=\"300\" height=\"200\" srcset=\"https:\/\/dyrkowo.pl\/blog\/wp-content\/uploads\/2021\/09\/Weronika-i-Lukasz-51-300x200.jpg 300w, https:\/\/dyrkowo.pl\/blog\/wp-content\/uploads\/2021\/09\/Weronika-i-Lukasz-51-1024x683.jpg 1024w, https:\/\/dyrkowo.pl\/blog\/wp-content\/uploads\/2021\/09\/Weronika-i-Lukasz-51-768x512.jpg 768w, https:\/\/dyrkowo.pl\/blog\/wp-content\/uploads\/2021\/09\/Weronika-i-Lukasz-51-1536x1024.jpg 1536w, https:\/\/dyrkowo.pl\/blog\/wp-content\/uploads\/2021\/09\/Weronika-i-Lukasz-51-930x620.jpg 930w, https:\/\/dyrkowo.pl\/blog\/wp-content\/uploads\/2021\/09\/Weronika-i-Lukasz-51.jpg 1600w\" sizes=\"(max-width: 300px) 100vw, 300px\" \/><p id=\"caption-attachment-1018\" class=\"wp-caption-text\">Martyna Wo\u017aniak Fotografia<\/p><\/div>\n<p style=\"text-align: center;\"><strong>Slow wedding to te\u017c przygotowania do \u015blubu i tak zwany first look.<\/strong><\/p>\n<p style=\"text-align: center;\">O tym te\u017c m\u00f3wi\u0142y\u015bmy przy okazji <a href=\"https:\/\/open.spotify.com\/episode\/3fnjXfk3sMOhyXt5Jw8wiJ\">podcastu<\/a> \u015alubne Dyrdyma\u0142y \u2013 pozycja obowi\u0105zkowa!<\/p>\n<p style=\"text-align: center;\">Odchodzi si\u0119 ju\u017c coraz cz\u0119\u015bciej od szykowania si\u0119 do\u00a0 \u015blubu w otoczeniu ca\u0142ej rodziny, coraz cz\u0119\u015bciej jest to czas dla M\u0142odych ?<\/p>\n<p style=\"text-align: center;\">Czy tak musi by\u0107? Niekoniecznie, ale z do\u015bwiadczenia wiem, \u017ce ten moment jest do\u015b\u0107 stresuj\u0105cy. Z jednej strony bardzo przyjemny, ale z drugiej przebieg tych przygotowa\u0144 troch\u0119 definiuje nasz nastr\u00f3j i poziom stresu, kt\u00f3ry chcemy doprowadzi\u0107 do minimum, a niekoniecznie wznosi\u0107 na wy\u017cyny.<\/p>\n<p style=\"text-align: center;\"><strong>Slow wedding to te\u017c przebieg wesela tak, jak Wy czujecie.<\/strong><\/p>\n<div id=\"attachment_1019\" style=\"width: 310px\" class=\"wp-caption aligncenter\"><img aria-describedby=\"caption-attachment-1019\" loading=\"lazy\" class=\"size-medium wp-image-1019\" src=\"https:\/\/dyrkowo.pl\/blog\/wp-content\/uploads\/2021\/09\/dyrkowo2-6-of-90-300x200.jpg\" alt=\"\" width=\"300\" height=\"200\" srcset=\"https:\/\/dyrkowo.pl\/blog\/wp-content\/uploads\/2021\/09\/dyrkowo2-6-of-90-300x200.jpg 300w, https:\/\/dyrkowo.pl\/blog\/wp-content\/uploads\/2021\/09\/dyrkowo2-6-of-90-1024x683.jpg 1024w, https:\/\/dyrkowo.pl\/blog\/wp-content\/uploads\/2021\/09\/dyrkowo2-6-of-90-768x512.jpg 768w, https:\/\/dyrkowo.pl\/blog\/wp-content\/uploads\/2021\/09\/dyrkowo2-6-of-90-1536x1024.jpg 1536w, https:\/\/dyrkowo.pl\/blog\/wp-content\/uploads\/2021\/09\/dyrkowo2-6-of-90-2048x1365.jpg 2048w, https:\/\/dyrkowo.pl\/blog\/wp-content\/uploads\/2021\/09\/dyrkowo2-6-of-90-930x620.jpg 930w\" sizes=\"(max-width: 300px) 100vw, 300px\" \/><p id=\"caption-attachment-1019\" class=\"wp-caption-text\">Fotografia Kinga Nowakowska<\/p><\/div>\n<p style=\"text-align: center;\"><strong>Zacznijmy od podstawy, jak\u0105 jest jedzenie.<\/strong><\/p>\n<p style=\"text-align: center;\">Jeste\u015bcie wegetarianami albo weganami? Zr\u00f3bcie takie wesele! Menu wegetaria\u0144skie czy wega\u0144skie jest naprawd\u0119 pyszne!<\/p>\n<p style=\"text-align: center;\">Jestem jednak zdania, \u017ce tak samo przy menu w pe\u0142ni mi\u0119snym, maj\u0105c na weselu wegan czy wegetarian mi\u0142o jest mie\u0107 w menu co\u015b dla nich, tak samo mi\u0142o by by\u0142o, gdyby\u015bcie przy menu w wersji wega\u0144skiej czy wegetaria\u0144skiej pomy\u015bleli o mi\u0119so\u017cercach i mieli te\u017c co\u015b tylko dla nich.<\/p>\n<p style=\"text-align: center;\">Oczywi\u015bcie jest to kwestia indywidualna i mo\u017cecie si\u0119 ze mn\u0105 nie zgodzi\u0107, uwa\u017cam jednak, \u017ce to ca\u0142kiem mi\u0142y gest.<\/p>\n<div id=\"attachment_1020\" style=\"width: 310px\" class=\"wp-caption aligncenter\"><img aria-describedby=\"caption-attachment-1020\" loading=\"lazy\" class=\"size-medium wp-image-1020\" src=\"https:\/\/dyrkowo.pl\/blog\/wp-content\/uploads\/2021\/09\/Weronika-i-Lukasz-537-300x200.jpg\" alt=\"\" width=\"300\" height=\"200\" srcset=\"https:\/\/dyrkowo.pl\/blog\/wp-content\/uploads\/2021\/09\/Weronika-i-Lukasz-537-300x200.jpg 300w, https:\/\/dyrkowo.pl\/blog\/wp-content\/uploads\/2021\/09\/Weronika-i-Lukasz-537-1024x683.jpg 1024w, https:\/\/dyrkowo.pl\/blog\/wp-content\/uploads\/2021\/09\/Weronika-i-Lukasz-537-768x512.jpg 768w, https:\/\/dyrkowo.pl\/blog\/wp-content\/uploads\/2021\/09\/Weronika-i-Lukasz-537-1536x1024.jpg 1536w, https:\/\/dyrkowo.pl\/blog\/wp-content\/uploads\/2021\/09\/Weronika-i-Lukasz-537-930x620.jpg 930w, https:\/\/dyrkowo.pl\/blog\/wp-content\/uploads\/2021\/09\/Weronika-i-Lukasz-537.jpg 1600w\" sizes=\"(max-width: 300px) 100vw, 300px\" \/><p id=\"caption-attachment-1020\" class=\"wp-caption-text\">Martyna Wo\u017aniak Fotografia<\/p><\/div>\n<p style=\"text-align: center;\"><strong>Kwestia muzyki to te\u017c sprawa bardzo indywidualna.<\/strong><\/p>\n<p style=\"text-align: center;\">Je\u017celi jest co\u015b, czego absolutnie nie mo\u017ce by\u0107 na waszej weselnej playli\u015bcie, to bardzo popieram! Tak samo wszystkie muzyczne must have! To Wasze wesele i macie prawo zadecydowa\u0107, do czego chcecie si\u0119 bawi\u0107.<\/p>\n<p style=\"text-align: center;\">Znowu jednak mi\u0142o, gdy zdecydujecie si\u0119 na kilka klasyk\u00f3w, kt\u00f3re wszyscy znaj\u0105 i przy kt\u00f3rych wszyscy si\u0119 bawi\u0105. I nie musi to by\u0107 disco polo, ale oczywi\u015bcie mo\u017ce &#8211; je\u015bli tylko macie na to ochot\u0119!<\/p>\n<div id=\"attachment_1021\" style=\"width: 310px\" class=\"wp-caption aligncenter\"><img aria-describedby=\"caption-attachment-1021\" loading=\"lazy\" class=\"size-medium wp-image-1021\" src=\"https:\/\/dyrkowo.pl\/blog\/wp-content\/uploads\/2021\/09\/slub-2020-Pani-Wozna-Dyrkowo-348-of-628-300x200.jpg\" alt=\"\" width=\"300\" height=\"200\" srcset=\"https:\/\/dyrkowo.pl\/blog\/wp-content\/uploads\/2021\/09\/slub-2020-Pani-Wozna-Dyrkowo-348-of-628-300x200.jpg 300w, https:\/\/dyrkowo.pl\/blog\/wp-content\/uploads\/2021\/09\/slub-2020-Pani-Wozna-Dyrkowo-348-of-628-1024x684.jpg 1024w, https:\/\/dyrkowo.pl\/blog\/wp-content\/uploads\/2021\/09\/slub-2020-Pani-Wozna-Dyrkowo-348-of-628-768x513.jpg 768w, https:\/\/dyrkowo.pl\/blog\/wp-content\/uploads\/2021\/09\/slub-2020-Pani-Wozna-Dyrkowo-348-of-628-1536x1025.jpg 1536w, https:\/\/dyrkowo.pl\/blog\/wp-content\/uploads\/2021\/09\/slub-2020-Pani-Wozna-Dyrkowo-348-of-628-2048x1367.jpg 2048w, https:\/\/dyrkowo.pl\/blog\/wp-content\/uploads\/2021\/09\/slub-2020-Pani-Wozna-Dyrkowo-348-of-628-930x620.jpg 930w\" sizes=\"(max-width: 300px) 100vw, 300px\" \/><p id=\"caption-attachment-1021\" class=\"wp-caption-text\">Fot. Pani Wo\u017ana<\/p><\/div>\n<p style=\"text-align: center;\"><strong>B\u0119d\u0105c w temacie muzycznym, pochylmy si\u0119 chwil\u0119 nad pierwszym ta\u0144cem.<\/strong><\/p>\n<p style=\"text-align: center;\">Nie macie na niego pomys\u0142u? Nie macie czasu albo ochoty bra\u0107 jakich\u015b specjalnych lekcji? Ok! Zata\u0144czcie na tak zwanym \u201espontanie\u201d (my tak zrobili\u015bmy, a kawa\u0142ek do ta\u0144ca wybrali\u015bmy na dwa dni przed weselem), albo niech pierwszy taniec b\u0119dzie zaproszeniem do wsp\u00f3lnego ta\u0144ca wszystkich go\u015bci!<\/p>\n<p style=\"text-align: center;\">To \u015bwietna opcja, kiedy nie do ko\u0144ca dobrze czujecie si\u0119 na parkiecie lub\/i w centrum uwagi.<\/p>\n<p style=\"text-align: center;\">Co do bycia w centrum uwagi, wszelkie punkty, kt\u00f3re tego wymagaj\u0105, typu tort weselny, podzi\u0119kowania dla rodzic\u00f3w itd. \u2013 te\u017c mo\u017cecie pomin\u0105\u0107 albo zrobi\u0107 je troch\u0119 inaczej ?<\/p>\n<p style=\"text-align: center;\">Tort mo\u017ce by\u0107 po prostu jako element deseru serwowany na przyk\u0142ad po obiedzie przez obs\u0142ug\u0119 bez specjalnej oprawy typu zimne ognie, \u015bpiewanie \u201esto lat\u201d, \u201egorzko\u201d czy jakie\u015b wsp\u00f3lne krojenie lub wzajemne karmienie. Mo\u017cecie te\u017c tort pomin\u0105\u0107 ca\u0142kowicie w menu i wesele si\u0119 uda \u2013 wiem to z autopsji ?<\/p>\n<p style=\"text-align: center;\">Kwestia oczepin i wszelkiego rodzaju zabaw to te\u017c sprawa bardzo indywidualna. Slow wedding w tej kwestii daje jasny przekaz \u2013 chcecie? R\u00f3bcie? Nie chcecie? Nie r\u00f3bcie.<\/p>\n<p style=\"text-align: center;\">Forma zabaw czy oczepin to te\u017c kwestia subiektywna, ale je\u017celi jest to poprowadzone ze smakiem i zgodnie z Waszym gustem mo\u017ce by\u0107 naprawd\u0119 fajn\u0105 atrakcj\u0105 na weselu. Pami\u0119tajcie jednak, \u017ce nie jest to punkt obowi\u0105zkowy ?<\/p>\n<p style=\"text-align: center;\">O oczepinach i atrakcjach na wesele na pewno pojawi\u0105 si\u0119 tutaj posty!<\/p>\n<p style=\"text-align: center;\">Wszelkie atrakcje typu prosecco van, bar, fotobudka, kawiarenka itd.<\/p>\n<p style=\"text-align: center;\">Je\u017celi tylko macie na tego typu atrakcje ochot\u0119 i bud\u017cet to \u015bmia\u0142o! Wasze wesele nie b\u0119dzie ani mniej ani bardziej slow gdy pominiecie te punkty lub w\u0142a\u015bnie b\u0119dziecie mie\u0107 je wszystkie.<\/p>\n<p style=\"text-align: center;\"><strong>Ma by\u0107 po Waszemu!<\/strong><\/p>\n<div id=\"attachment_1022\" style=\"width: 310px\" class=\"wp-caption aligncenter\"><img aria-describedby=\"caption-attachment-1022\" loading=\"lazy\" class=\"size-medium wp-image-1022\" src=\"https:\/\/dyrkowo.pl\/blog\/wp-content\/uploads\/2021\/09\/Ada-i-Mariusz-364_websize-300x200.jpg\" alt=\"\" width=\"300\" height=\"200\" srcset=\"https:\/\/dyrkowo.pl\/blog\/wp-content\/uploads\/2021\/09\/Ada-i-Mariusz-364_websize-300x200.jpg 300w, https:\/\/dyrkowo.pl\/blog\/wp-content\/uploads\/2021\/09\/Ada-i-Mariusz-364_websize-1024x683.jpg 1024w, https:\/\/dyrkowo.pl\/blog\/wp-content\/uploads\/2021\/09\/Ada-i-Mariusz-364_websize-768x512.jpg 768w, https:\/\/dyrkowo.pl\/blog\/wp-content\/uploads\/2021\/09\/Ada-i-Mariusz-364_websize-1536x1024.jpg 1536w, https:\/\/dyrkowo.pl\/blog\/wp-content\/uploads\/2021\/09\/Ada-i-Mariusz-364_websize-930x620.jpg 930w, https:\/\/dyrkowo.pl\/blog\/wp-content\/uploads\/2021\/09\/Ada-i-Mariusz-364_websize.jpg 1600w\" sizes=\"(max-width: 300px) 100vw, 300px\" \/><p id=\"caption-attachment-1022\" class=\"wp-caption-text\">Martyna Wo\u017aniak Fotografia<\/p><\/div>\n<p style=\"text-align: center;\"><strong>Dobrze, a jak si\u0119 ubra\u0107 na takie slow wedding?<\/strong><\/p>\n<p style=\"text-align: center;\">Musz\u0119 mie\u0107 tradycyjny garnitur albo tradycyjn\u0105 sukni\u0119\u00a0 z trenem i d\u0142ugi welon?<\/p>\n<p style=\"text-align: center;\">Nie musisz. Nic nie musicie ?<\/p>\n<p style=\"text-align: center;\">Widzieli\u015bmy u nas r\u00f3\u017cne Pary. Z efektownymi sukniami z trenem i d\u0142ugim welonem, ale by\u0142y te\u017c princeski w kropeczki ?<\/p>\n<p style=\"text-align: center;\">Mieli\u015bmy Pan\u00f3w M\u0142od\u00f3w w garniturach szytych na miar\u0119 i bardziej na luzie, bez krawat\u00f3w, much i z kolorowymi marynarkami.<\/p>\n<p style=\"text-align: center;\">By\u0142y szpilki, balerinki, sanda\u0142ki, oksfordy, loafersy, mokasyny i trampki ?<\/p>\n<p style=\"text-align: center;\">W tej kwestii wszystkie chwyty dozwolone! Macie dobrze si\u0119 czu\u0107, ma to Wam pasowa\u0107 do wizji Waszego wesela, dobrze jest te\u017c dopasowa\u0107 str\u00f3j do miejsca. Zak\u0142adam, \u017ce robicie wesele w Dyrkowie ? A je\u017celi tak, to my tutaj lubimy ka\u017cd\u0105 wersj\u0119, tak\u0105 na boso r\u00f3wnie\u017c!<\/p>\n<div id=\"attachment_1023\" style=\"width: 210px\" class=\"wp-caption aligncenter\"><img aria-describedby=\"caption-attachment-1023\" loading=\"lazy\" class=\"size-medium wp-image-1023\" src=\"https:\/\/dyrkowo.pl\/blog\/wp-content\/uploads\/2021\/09\/Weronika-i-Lukasz-482-200x300.jpg\" alt=\"\" width=\"200\" height=\"300\" srcset=\"https:\/\/dyrkowo.pl\/blog\/wp-content\/uploads\/2021\/09\/Weronika-i-Lukasz-482-200x300.jpg 200w, https:\/\/dyrkowo.pl\/blog\/wp-content\/uploads\/2021\/09\/Weronika-i-Lukasz-482-683x1024.jpg 683w, https:\/\/dyrkowo.pl\/blog\/wp-content\/uploads\/2021\/09\/Weronika-i-Lukasz-482-768x1152.jpg 768w, https:\/\/dyrkowo.pl\/blog\/wp-content\/uploads\/2021\/09\/Weronika-i-Lukasz-482-1024x1536.jpg 1024w, https:\/\/dyrkowo.pl\/blog\/wp-content\/uploads\/2021\/09\/Weronika-i-Lukasz-482.jpg 1067w\" sizes=\"(max-width: 200px) 100vw, 200px\" \/><p id=\"caption-attachment-1023\" class=\"wp-caption-text\">Martyna Wo\u017aniak Fotografia<\/p><\/div>\n<p style=\"text-align: center;\">Tak na sam koniec mam dla Was \u015bwietn\u0105 rad\u0119! Wiecie, co jest naprawd\u0119 fantastycznym zwie\u0144czeniem slow wedding?<\/p>\n<p style=\"text-align: center;\">Poprawiny w wersji slow ?<\/p>\n<p style=\"text-align: center;\">Z grillem, ogniskiem, pogaduszkami na trawie, w kr\u00f3tkich spodenkach, lekkich sukienkach. Poprawiny s\u0105 \u015bwietn\u0105 okazj\u0105 do tego, by \u201ez\u0142apa\u0107\u201d wczorajszy dzie\u0144 w opowie\u015bciach Waszych go\u015bci ?<\/p>\n<p style=\"text-align: center;\">Poprawiny nie musz\u0105 by\u0107 przy stole. Wi\u0119kszo\u015b\u0107 poprawin u nas to w\u0142a\u015bnie forma pikniku\u00a0 w gronie rodziny i przyjaci\u00f3\u0142.<\/p>\n<p style=\"text-align: center;\">Niekt\u00f3rzy id\u0105 na drzemk\u0119 w cieniu czere\u015bni, inni graj\u0105 w pi\u0142k\u0119, jeszcze inni dojadaj\u0105 i dopijaj\u0105 resztki z wesela. Jest du\u017co rozm\u00f3w, \u015bmiech\u00f3w i dobrej zabawy, a w\u0142a\u015bnie o to chodzi w slow wedding ?<\/p>\n<p style=\"text-align: center;\">To co? Z kim si\u0119 widzimy na slow wedding w Dyrkowie?<\/p>\n<p>&nbsp;<\/p>\n<p>&nbsp;<\/p>\n<div id=\"attachment_1024\" style=\"width: 210px\" class=\"wp-caption aligncenter\"><img aria-describedby=\"caption-attachment-1024\" loading=\"lazy\" class=\"size-medium wp-image-1024\" src=\"https:\/\/dyrkowo.pl\/blog\/wp-content\/uploads\/2021\/09\/Weronika-i-Lukasz-243-200x300.jpg\" alt=\"\" width=\"200\" height=\"300\" srcset=\"https:\/\/dyrkowo.pl\/blog\/wp-content\/uploads\/2021\/09\/Weronika-i-Lukasz-243-200x300.jpg 200w, https:\/\/dyrkowo.pl\/blog\/wp-content\/uploads\/2021\/09\/Weronika-i-Lukasz-243-683x1024.jpg 683w, https:\/\/dyrkowo.pl\/blog\/wp-content\/uploads\/2021\/09\/Weronika-i-Lukasz-243-768x1152.jpg 768w, https:\/\/dyrkowo.pl\/blog\/wp-content\/uploads\/2021\/09\/Weronika-i-Lukasz-243-1024x1536.jpg 1024w, https:\/\/dyrkowo.pl\/blog\/wp-content\/uploads\/2021\/09\/Weronika-i-Lukasz-243.jpg 1067w\" sizes=\"(max-width: 200px) 100vw, 200px\" \/><p id=\"caption-attachment-1024\" class=\"wp-caption-text\">Martyna Wo\u017aniak Fotografia<\/p><\/div>\n<p>&nbsp;<\/p>\n<div id='gallery-1' class='gallery galleryid-1010 gallery-columns-3 gallery-size-thumbnail'><dl class='gallery-item'>\n\t\t\t<dt class='gallery-icon landscape'>\n\t\t\t\t<a href='https:\/\/dyrkowo.pl\/blog\/idea-slow-wedding\/weronika-i-lukasz\/'><img width=\"150\" height=\"150\" src=\"https:\/\/dyrkowo.pl\/blog\/wp-content\/uploads\/2021\/09\/Weronika-i-Lukasz-431-150x150.jpg\" class=\"attachment-thumbnail size-thumbnail\" alt=\"\" loading=\"lazy\" aria-describedby=\"gallery-1-1012\" \/><\/a>\n\t\t\t<\/dt>\n\t\t\t\t<dd class='wp-caption-text gallery-caption' id='gallery-1-1012'>\n\t\t\t\tMartyna Wo\u017aniak Fotografia\n\t\t\t\t<\/dd><\/dl><dl class='gallery-item'>\n\t\t\t<dt class='gallery-icon landscape'>\n\t\t\t\t<a href='https:\/\/dyrkowo.pl\/blog\/idea-slow-wedding\/dyrkowo2-75-of-90\/'><img width=\"150\" height=\"150\" src=\"https:\/\/dyrkowo.pl\/blog\/wp-content\/uploads\/2021\/09\/dyrkowo2-75-of-90-150x150.jpg\" class=\"attachment-thumbnail size-thumbnail\" alt=\"\" loading=\"lazy\" aria-describedby=\"gallery-1-1014\" \/><\/a>\n\t\t\t<\/dt>\n\t\t\t\t<dd class='wp-caption-text gallery-caption' id='gallery-1-1014'>\n\t\t\t\tFotografia Kinga Nowakowska\n\t\t\t\t<\/dd><\/dl><dl class='gallery-item'>\n\t\t\t<dt class='gallery-icon landscape'>\n\t\t\t\t<a href='https:\/\/dyrkowo.pl\/blog\/idea-slow-wedding\/attachment\/523\/'><img width=\"150\" height=\"150\" src=\"https:\/\/dyrkowo.pl\/blog\/wp-content\/uploads\/2021\/09\/523-150x150.jpg\" class=\"attachment-thumbnail size-thumbnail\" alt=\"\" loading=\"lazy\" aria-describedby=\"gallery-1-1015\" \/><\/a>\n\t\t\t<\/dt>\n\t\t\t\t<dd class='wp-caption-text gallery-caption' id='gallery-1-1015'>\n\t\t\t\tFot. Katarzyna Orlea\u0144ska\n\t\t\t\t<\/dd><\/dl><br style=\"clear: both\" \/><dl class='gallery-item'>\n\t\t\t<dt class='gallery-icon landscape'>\n\t\t\t\t<a href='https:\/\/dyrkowo.pl\/blog\/idea-slow-wedding\/adka-i-marian-6\/'><img width=\"150\" height=\"150\" src=\"https:\/\/dyrkowo.pl\/blog\/wp-content\/uploads\/2021\/09\/Ada-i-Mariusz-191_websize-150x150.jpg\" class=\"attachment-thumbnail size-thumbnail\" alt=\"\" loading=\"lazy\" aria-describedby=\"gallery-1-1016\" \/><\/a>\n\t\t\t<\/dt>\n\t\t\t\t<dd class='wp-caption-text gallery-caption' id='gallery-1-1016'>\n\t\t\t\tMartyna Wo\u017aniak Fotografia\n\t\t\t\t<\/dd><\/dl><dl class='gallery-item'>\n\t\t\t<dt class='gallery-icon landscape'>\n\t\t\t\t<a href='https:\/\/dyrkowo.pl\/blog\/idea-slow-wedding\/weronika-i-lukasz-2\/'><img width=\"150\" height=\"150\" src=\"https:\/\/dyrkowo.pl\/blog\/wp-content\/uploads\/2021\/09\/Weronika-i-Lukasz-291-150x150.jpg\" class=\"attachment-thumbnail size-thumbnail\" alt=\"\" loading=\"lazy\" aria-describedby=\"gallery-1-1017\" \/><\/a>\n\t\t\t<\/dt>\n\t\t\t\t<dd class='wp-caption-text gallery-caption' id='gallery-1-1017'>\n\t\t\t\tMartyna Wo\u017aniak Fotografia\n\t\t\t\t<\/dd><\/dl><dl class='gallery-item'>\n\t\t\t<dt class='gallery-icon landscape'>\n\t\t\t\t<a href='https:\/\/dyrkowo.pl\/blog\/idea-slow-wedding\/weronika-i-lukasz-3\/'><img width=\"150\" height=\"150\" src=\"https:\/\/dyrkowo.pl\/blog\/wp-content\/uploads\/2021\/09\/Weronika-i-Lukasz-51-150x150.jpg\" class=\"attachment-thumbnail size-thumbnail\" alt=\"\" loading=\"lazy\" aria-describedby=\"gallery-1-1018\" \/><\/a>\n\t\t\t<\/dt>\n\t\t\t\t<dd class='wp-caption-text gallery-caption' id='gallery-1-1018'>\n\t\t\t\tMartyna Wo\u017aniak Fotografia\n\t\t\t\t<\/dd><\/dl><br style=\"clear: both\" \/><dl class='gallery-item'>\n\t\t\t<dt class='gallery-icon landscape'>\n\t\t\t\t<a href='https:\/\/dyrkowo.pl\/blog\/idea-slow-wedding\/dyrkowo2-6-of-90\/'><img width=\"150\" height=\"150\" src=\"https:\/\/dyrkowo.pl\/blog\/wp-content\/uploads\/2021\/09\/dyrkowo2-6-of-90-150x150.jpg\" class=\"attachment-thumbnail size-thumbnail\" alt=\"\" loading=\"lazy\" aria-describedby=\"gallery-1-1019\" \/><\/a>\n\t\t\t<\/dt>\n\t\t\t\t<dd class='wp-caption-text gallery-caption' id='gallery-1-1019'>\n\t\t\t\tFotografia Kinga Nowakowska\n\t\t\t\t<\/dd><\/dl><dl class='gallery-item'>\n\t\t\t<dt class='gallery-icon landscape'>\n\t\t\t\t<a href='https:\/\/dyrkowo.pl\/blog\/idea-slow-wedding\/weronika-i-lukasz-4\/'><img width=\"150\" height=\"150\" src=\"https:\/\/dyrkowo.pl\/blog\/wp-content\/uploads\/2021\/09\/Weronika-i-Lukasz-537-150x150.jpg\" class=\"attachment-thumbnail size-thumbnail\" alt=\"\" loading=\"lazy\" aria-describedby=\"gallery-1-1020\" \/><\/a>\n\t\t\t<\/dt>\n\t\t\t\t<dd class='wp-caption-text gallery-caption' id='gallery-1-1020'>\n\t\t\t\tMartyna Wo\u017aniak Fotografia\n\t\t\t\t<\/dd><\/dl><dl class='gallery-item'>\n\t\t\t<dt class='gallery-icon landscape'>\n\t\t\t\t<a href='https:\/\/dyrkowo.pl\/blog\/idea-slow-wedding\/slub-2020-pani-wozna-dyrkowo-348-of-628\/'><img width=\"150\" height=\"150\" src=\"https:\/\/dyrkowo.pl\/blog\/wp-content\/uploads\/2021\/09\/slub-2020-Pani-Wozna-Dyrkowo-348-of-628-150x150.jpg\" class=\"attachment-thumbnail size-thumbnail\" alt=\"\" loading=\"lazy\" aria-describedby=\"gallery-1-1021\" \/><\/a>\n\t\t\t<\/dt>\n\t\t\t\t<dd class='wp-caption-text gallery-caption' id='gallery-1-1021'>\n\t\t\t\tFot. Pani Wo\u017ana\n\t\t\t\t<\/dd><\/dl><br style=\"clear: both\" \/><dl class='gallery-item'>\n\t\t\t<dt class='gallery-icon landscape'>\n\t\t\t\t<a href='https:\/\/dyrkowo.pl\/blog\/idea-slow-wedding\/adka-i-marian-7\/'><img width=\"150\" height=\"150\" src=\"https:\/\/dyrkowo.pl\/blog\/wp-content\/uploads\/2021\/09\/Ada-i-Mariusz-364_websize-150x150.jpg\" class=\"attachment-thumbnail size-thumbnail\" alt=\"\" loading=\"lazy\" aria-describedby=\"gallery-1-1022\" \/><\/a>\n\t\t\t<\/dt>\n\t\t\t\t<dd class='wp-caption-text gallery-caption' id='gallery-1-1022'>\n\t\t\t\tMartyna Wo\u017aniak Fotografia\n\t\t\t\t<\/dd><\/dl><dl class='gallery-item'>\n\t\t\t<dt class='gallery-icon portrait'>\n\t\t\t\t<a href='https:\/\/dyrkowo.pl\/blog\/idea-slow-wedding\/weronika-i-lukasz-5\/'><img width=\"150\" height=\"150\" src=\"https:\/\/dyrkowo.pl\/blog\/wp-content\/uploads\/2021\/09\/Weronika-i-Lukasz-482-150x150.jpg\" class=\"attachment-thumbnail size-thumbnail\" alt=\"\" loading=\"lazy\" aria-describedby=\"gallery-1-1023\" \/><\/a>\n\t\t\t<\/dt>\n\t\t\t\t<dd class='wp-caption-text gallery-caption' id='gallery-1-1023'>\n\t\t\t\tMartyna Wo\u017aniak Fotografia\n\t\t\t\t<\/dd><\/dl><dl class='gallery-item'>\n\t\t\t<dt class='gallery-icon portrait'>\n\t\t\t\t<a href='https:\/\/dyrkowo.pl\/blog\/idea-slow-wedding\/weronika-i-lukasz-6\/'><img width=\"150\" height=\"150\" src=\"https:\/\/dyrkowo.pl\/blog\/wp-content\/uploads\/2021\/09\/Weronika-i-Lukasz-243-150x150.jpg\" class=\"attachment-thumbnail size-thumbnail\" alt=\"\" loading=\"lazy\" aria-describedby=\"gallery-1-1024\" \/><\/a>\n\t\t\t<\/dt>\n\t\t\t\t<dd class='wp-caption-text gallery-caption' id='gallery-1-1024'>\n\t\t\t\tMartyna Wo\u017aniak Fotografia\n\t\t\t\t<\/dd><\/dl><br style=\"clear: both\" \/>\n\t\t<\/div>\n\n<p style=\"text-align: center;\">\n","protected":false},"excerpt":{"rendered":"<p>Wielki powr\u00f3t blogowania! Dzisiaj na tapet bierzemy ide\u0119 slow wedding. Wiele si\u0119 o tym ostatnio m\u00f3wi, razem z Dorot\u0105 Grzeszczak i Natali\u0105 Kaszubowsk\u0105 nagra\u0142y\u015bmy o slow wedding odcinek podcastu \u015alubne Dyrdyma\u0142y, do kt\u00f3rego ods\u0142uchania serdecznie Was zach\u0119cam jako lektur\u0119 uzupe\u0142niaj\u0105c\u0105 dzisiejszy post ? Czym w\u0142a\u015bciwie jest slow wedding? Na czym to polega? Szczerze m\u00f3wi\u0105c, dla&hellip;&nbsp;<a href=\"https:\/\/dyrkowo.pl\/blog\/idea-slow-wedding\/\" class=\"\" rel=\"bookmark\">Czytaj wi\u0119cej &raquo;<span class=\"screen-reader-text\">Idea Slow Wedding<\/span><\/a><\/p>\n","protected":false},"author":2,"featured_media":1012,"comment_status":"open","ping_status":"open","sticky":false,"template":"","format":"standard","meta":{"neve_meta_sidebar":"","neve_meta_container":"","neve_meta_enable_content_width":"off","neve_meta_content_width":0,"neve_meta_title_alignment":"","neve_meta_author_avatar":"","neve_post_elements_order":"","neve_meta_disable_header":"","neve_meta_disable_footer":"","neve_meta_disable_title":""},"categories":[8,19],"tags":[20,21],"acf":[],"_links":{"self":[{"href":"https:\/\/dyrkowo.pl\/blog\/wp-json\/wp\/v2\/posts\/1010"}],"collection":[{"href":"https:\/\/dyrkowo.pl\/blog\/wp-json\/wp\/v2\/posts"}],"about":[{"href":"https:\/\/dyrkowo.pl\/blog\/wp-json\/wp\/v2\/types\/post"}],"author":[{"embeddable":true,"href":"https:\/\/dyrkowo.pl\/blog\/wp-json\/wp\/v2\/users\/2"}],"replies":[{"embeddable":true,"href":"https:\/\/dyrkowo.pl\/blog\/wp-json\/wp\/v2\/comments?post=1010"}],"version-history":[{"count":7,"href":"https:\/\/dyrkowo.pl\/blog\/wp-json\/wp\/v2\/posts\/1010\/revisions"}],"predecessor-version":[{"id":1031,"href":"https:\/\/dyrkowo.pl\/blog\/wp-json\/wp\/v2\/posts\/1010\/revisions\/1031"}],"wp:featuredmedia":[{"embeddable":true,"href":"https:\/\/dyrkowo.pl\/blog\/wp-json\/wp\/v2\/media\/1012"}],"wp:attachment":[{"href":"https:\/\/dyrkowo.pl\/blog\/wp-json\/wp\/v2\/media?parent=1010"}],"wp:term":[{"taxonomy":"category","embeddable":true,"href":"https:\/\/dyrkowo.pl\/blog\/wp-json\/wp\/v2\/categories?post=1010"},{"taxonomy":"post_tag","embeddable":true,"href":"https:\/\/dyrkowo.pl\/blog\/wp-json\/wp\/v2\/tags?post=1010"}],"curies":[{"name":"wp","href":"https:\/\/api.w.org\/{rel}","templated":true}]}}