{"id":783,"date":"2020-11-29T19:30:30","date_gmt":"2020-11-29T18:30:30","guid":{"rendered":"https:\/\/dyrkowo.pl\/blog\/?p=783"},"modified":"2020-12-06T20:53:39","modified_gmt":"2020-12-06T19:53:39","slug":"witajcie-na-blogu-dyrkowo","status":"publish","type":"post","link":"https:\/\/dyrkowo.pl\/blog\/witajcie-na-blogu-dyrkowo\/","title":{"rendered":"Witajcie na blogu Dyrkowo!"},"content":{"rendered":"<p>Cze\u015b\u0107, dzie\u0144 dobry, dobry wiecz\u00f3r, witajcie!<\/p>\n<p>Jak cz\u0119sto macie problem z tym, jak si\u0119 &#8222;przywita\u0107&#8221; w sieci? Powsta\u0142o na ten temat mn\u00f3stwo artyku\u0142\u00f3w, a j\u0119zykoznawcy prze\u015bcigaj\u0105 si\u0119 w teoriach, jak by\u0107 powinno.<\/p>\n<p>W\u0142a\u015bnie! A jak by\u0107 powinno? Tak jak chcesz! I o tym b\u0119dzie ten blog. Przede wszystkim o \u015blubach i weselach takich, jak chcecie. Czyli idei slow wedding, w zgodzie z natur\u0105 i tym, co Wam w duszy gra, o weselach w stodole, pod chmurk\u0105 i na w\u0142asnych zasadach.<\/p>\n<p>Jednak nie tylko&#8230;<\/p>\n<p>Dzia\u0142am w sieci jako Dyrkowo od dw\u00f3ch lat. Przez ten czas troch\u0119 temat\u00f3w przez nasze media spo\u0142eczno\u015bciowe si\u0119 przewin\u0119\u0142o, a z nich rozwin\u0119\u0142o si\u0119 wiele rozm\u00f3w, nie tylko o \u015blubach i weselach oraz dzia\u0142alno\u015bci zwi\u0105zanej z szeroko poj\u0119t\u0105 bran\u017c\u0105 \u015blubn\u0105.<\/p>\n<p>Wielokrotnie porusza\u0142am na \u0142amach Dyrkowa tematy trudne, codzienne, czasem wzbudzaj\u0105ce kontrowersje, by\u0107 mo\u017ce zach\u0119caj\u0105ce do refleksji.<\/p>\n<p>Za ka\u017cdym razem, kiedy publikowa\u0142am &#8222;nie\u015blubny&#8221; tekst, robi\u0142am to z dusz\u0105 na ramieniu, pewn\u0105 doz\u0105 niepewno\u015bci i strachu, jak to zostanie odebrane? Bo przecie\u017c gdzie \u015bluby i wesela a moje pogl\u0105dy?<\/p>\n<p>D\u0142ugi ten most \u0142\u0105cz\u0105cy oba \u015bwiaty, ale mam potrzeb\u0119 go zbudowa\u0107.<\/p>\n<p>Bo przecie\u017c czym jest \u015blub? Wej\u015bciem na now\u0105 drog\u0119. Z cz\u0142owiekiem, kt\u00f3rego dobrze znamy, kochamy, doskonale si\u0119 przy nim czujemy, a jednak nie bez powodu \u017cyczymy M\u0142odej Parze &#8222;Wszystkiego najlepszego na nowej drodze \u017cycia&#8221;.<\/p>\n<p>Id\u0105c dalej &#8211; czym jest ta nowa droga? Z ca\u0142ym szacunkiem, ale ca\u0142e \u017cycie nie b\u0119dzie us\u0142ana walcem angielskim, s\u0142odkim sto\u0142em i dobrymi \u017cyczeniami, kt\u00f3re wype\u0142niaj\u0105 dzie\u0144 \u015blubu i chwil\u0119 po.<\/p>\n<p>To co jest p\u00f3\u017aniej, jest zwyk\u0142e, codzienne, czasem trudne. S\u0105 chwile, kiedy masz do\u015b\u0107 i w eter rzucasz pytanie &#8211; ile jeszcze? A s\u0105 chwile, kt\u00f3re pragniesz pomna\u017ca\u0107 i trzyma\u0107 w gar\u015bci jak najd\u0142u\u017cej.<\/p>\n<p>Id\u0105c do brzegu &#8211; o tej zwyk\u0142o\u015bci i przewrotno\u015bci \u017cycia chc\u0119 tutaj pisa\u0107. O chwilach dobrych, ale te\u017c o tych trudnych. O moich przemy\u015bleniach i analizach tego, co nas otacza. O \u017cyciu w zgodzie ze sob\u0105 i w\u0142asn\u0105 natur\u0105, lecz cz\u0119sto na przek\u00f3r innym, na przek\u00f3r temu co wypada, nale\u017cy, trzeba, powinno si\u0119. Bo takie \u017cycie jest w dzisiejszych czasach trudne.<\/p>\n<p>Pragn\u0119 pokaza\u0107 Wam kawa\u0142ek mojego \u015bwiata, i \u015bwiat widziany moimi oczami.<\/p>\n<p>Pisz\u0119 pod wsp\u00f3ln\u0105 sygnatur\u0105 Dyrkowo jako Natalia. Dlaczego? Bo Dyrkowo to nie tylko stodo\u0142a weselna. To miejsce, kt\u00f3re definiuje, jak wygl\u0105da nasze \u017cycie jako partner\u00f3w, ma\u0142\u017ce\u0144stwo, jak wygl\u0105da \u017cycie moje jako jednostki. Kobiety i \u017cony.<\/p>\n<p>Jestem kobiet\u0105 przede wszystkim i do tego kobiecego \u015bwiata Was zapraszam!<\/p>\n<p>Witajcie na blogu Dyrkowo!<\/p>\n<p>&nbsp;<\/p>\n<p>Zdj\u0119cie Dorota Grzeszczak Ga\u0142\u0105zka Fotografia.<\/p>\n<p>&nbsp;<\/p>\n<p>&nbsp;<\/p>\n","protected":false},"excerpt":{"rendered":"<p>Cze\u015b\u0107, dzie\u0144 dobry, dobry wiecz\u00f3r, witajcie! Jak cz\u0119sto macie problem z tym, jak si\u0119 &#8222;przywita\u0107&#8221; w sieci? Powsta\u0142o na ten temat mn\u00f3stwo artyku\u0142\u00f3w, a j\u0119zykoznawcy prze\u015bcigaj\u0105 si\u0119 w teoriach, jak by\u0107 powinno. W\u0142a\u015bnie! A jak by\u0107 powinno? Tak jak chcesz! I o tym b\u0119dzie ten blog. Przede wszystkim o \u015blubach i weselach takich, jak chcecie.&hellip;&nbsp;<a href=\"https:\/\/dyrkowo.pl\/blog\/witajcie-na-blogu-dyrkowo\/\" class=\"\" rel=\"bookmark\">Czytaj wi\u0119cej &raquo;<span class=\"screen-reader-text\">Witajcie na blogu Dyrkowo!<\/span><\/a><\/p>\n","protected":false},"author":2,"featured_media":784,"comment_status":"open","ping_status":"open","sticky":false,"template":"","format":"standard","meta":{"neve_meta_sidebar":"","neve_meta_container":"","neve_meta_enable_content_width":"off","neve_meta_content_width":0,"neve_meta_title_alignment":"","neve_meta_author_avatar":"","neve_post_elements_order":"","neve_meta_disable_header":"","neve_meta_disable_footer":"","neve_meta_disable_title":""},"categories":[1],"tags":[],"acf":[],"_links":{"self":[{"href":"https:\/\/dyrkowo.pl\/blog\/wp-json\/wp\/v2\/posts\/783"}],"collection":[{"href":"https:\/\/dyrkowo.pl\/blog\/wp-json\/wp\/v2\/posts"}],"about":[{"href":"https:\/\/dyrkowo.pl\/blog\/wp-json\/wp\/v2\/types\/post"}],"author":[{"embeddable":true,"href":"https:\/\/dyrkowo.pl\/blog\/wp-json\/wp\/v2\/users\/2"}],"replies":[{"embeddable":true,"href":"https:\/\/dyrkowo.pl\/blog\/wp-json\/wp\/v2\/comments?post=783"}],"version-history":[{"count":6,"href":"https:\/\/dyrkowo.pl\/blog\/wp-json\/wp\/v2\/posts\/783\/revisions"}],"predecessor-version":[{"id":838,"href":"https:\/\/dyrkowo.pl\/blog\/wp-json\/wp\/v2\/posts\/783\/revisions\/838"}],"wp:featuredmedia":[{"embeddable":true,"href":"https:\/\/dyrkowo.pl\/blog\/wp-json\/wp\/v2\/media\/784"}],"wp:attachment":[{"href":"https:\/\/dyrkowo.pl\/blog\/wp-json\/wp\/v2\/media?parent=783"}],"wp:term":[{"taxonomy":"category","embeddable":true,"href":"https:\/\/dyrkowo.pl\/blog\/wp-json\/wp\/v2\/categories?post=783"},{"taxonomy":"post_tag","embeddable":true,"href":"https:\/\/dyrkowo.pl\/blog\/wp-json\/wp\/v2\/tags?post=783"}],"curies":[{"name":"wp","href":"https:\/\/api.w.org\/{rel}","templated":true}]}}