{"id":991,"date":"2021-02-08T13:34:00","date_gmt":"2021-02-08T12:34:00","guid":{"rendered":"https:\/\/dyrkowo.pl\/blog\/?p=991"},"modified":"2021-02-08T13:34:00","modified_gmt":"2021-02-08T12:34:00","slug":"pielegnacja-twarzy-kobiecyponiedzialek","status":"publish","type":"post","link":"https:\/\/dyrkowo.pl\/blog\/pielegnacja-twarzy-kobiecyponiedzialek\/","title":{"rendered":"Piel\u0119gnacja twarzy &#8211; #kobiecyponiedzialek"},"content":{"rendered":"<p style=\"text-align: center;\" align=\"justify\">Dzisiaj zapraszam Was na i\u015bcie kobiecy poniedzia\u0142ek w ods\u0142onie piel\u0119gnacji.<\/p>\n<p style=\"text-align: center;\" align=\"justify\">Ostrzegam, b\u0119dzie d\u0142ugo!<\/p>\n<p style=\"text-align: center;\" align=\"justify\">Pogoda za oknem zach\u0119ca do tego, \u017ceby si\u0119 troch\u0119 otuli\u0107 i porozpieszcza\u0107, a w przypadku nas, kobiet zacz\u0119\u0142abym od rozpieszczania sk\u00f3ry naszej twarzy.<\/p>\n<p style=\"text-align: center;\" align=\"justify\">Mamy teraz trudny okres dla naszej cery. Zimno na dworze, sucho i ciep\u0142o w pomieszczeniach, pewnie wiele z Was zauwa\u017cy\u0142o, \u017ce sk\u00f3ra szaleje i p\u0142ata figle. Mo\u017cna temu zaradzi\u0107, stosuj\u0105c odpowiednio dobran\u0105 do potrzeb naszej sk\u00f3ry piel\u0119gnacj\u0119.<\/p>\n<p style=\"text-align: center;\" align=\"justify\">Na pocz\u0105tku zapraszam Was do podr\u00f3\u017cy w czasie poprzez b\u0142\u0119dy i sporo pieni\u0119dzy zainwestowanych w niew\u0142a\u015bciwe kosmetyki, czyli powiedzmy sobie wprost \u2013 wyrzuconych w b\u0142oto.<\/p>\n<p style=\"text-align: center;\" align=\"justify\">Przygod\u0119 z kremami, piel\u0119gnacj\u0105 i testowaniem na sobie r\u00f3\u017cnych specyfik\u00f3w rozpocz\u0119\u0142am do\u015b\u0107 wcze\u015bnie. Wiecie, pr\u00f3bki z gazet, kosmetyki mamy i temu podobne historie.<\/p>\n<p style=\"text-align: center;\" align=\"justify\">P\u00f3\u017aniej, kiedy zacz\u0119\u0142y si\u0119 pojawia\u0107 jakie\u015b pierwsze w\u0142asne zarobione pieni\u0105dze, rozpocz\u0105\u0142 si\u0119 ocean zakup\u00f3w \u2013 na miar\u0119 \u00f3wczesnych mo\u017cliwo\u015bci finansowych, czyli do\u015b\u0107 mizernych.<\/p>\n<p style=\"text-align: center;\" align=\"justify\">Wtedy m\u00f3wi\u0142am sobie, \u017ce jak b\u0119d\u0119 starsza, to b\u0119dzie mnie sta\u0107 na dro\u017csze kosmetyki. Wiecie, wpadn\u0119 do jakiej\u015b Sephory, Kiehlsa czy innego Douglasa i wtedy w ko\u0144cu dobior\u0119 sobie dobre kosmetyki. Ale czy drogie znaczy dobre?<\/p>\n<p style=\"text-align: center;\" align=\"justify\">Nadszed\u0142 ten d\u0142ugo wyczekiwany moment, kiedy tak wpada\u0142am w sid\u0142a r\u00f3\u017cnych perfumerii, drogerii i wszelakich nowo\u015bci. Czasem mia\u0142am faz\u0119 na super naturaln\u0105 piel\u0119gnacj\u0119, po czym stwierdza\u0142am \u017ce guzik mi to daje i przerzuca\u0142am si\u0119 na mniej ekologiczne marki dost\u0119pne w popularnych drogeriach i perfumeriach lub tak zwane dermokosmetyki marek aptecznych. Czasami by\u0142y to kosmetyki ta\u0144sze, czasem dro\u017csze, ale wsp\u00f3lny mianownik by\u0142 jeden \u2013 kombinowa\u0142am.<\/p>\n<p style=\"text-align: center;\" align=\"justify\">Mam to szcz\u0119\u015bcie, \u017ce Matka Natura nie da\u0142a mi w prezencie sk\u00f3ry tr\u0105dzikowej. Nie mia\u0142am tzw. m\u0142odzie\u0144czego tr\u0105dziku, nawet przy moich problemach zdrowotnych nie pojawi\u0142y si\u0119 tego typu niedogodno\u015bci.<\/p>\n<p style=\"text-align: center;\" align=\"justify\">Moja sk\u00f3ra na ten moment to sk\u00f3ra mieszana z du\u017c\u0105 tendencj\u0105 do przesuszania, wra\u017cliwa, z ma\u0142ymi zask\u00f3rnikami i rozszerzonymi naczynkami. Do pewnego momentu w moim \u017cyciu, czyli do listopada minionego roku, dos\u0142ownie \u201ewalczy\u0142am\u201d ze swoj\u0105 sk\u00f3r\u0105. Katowa\u0142am j\u0105 wacikami, p\u0142ynami micelarnymi, peelingami i ci\u0105g\u0142\u0105 zmian\u0105 kierunku piel\u0119gnacji. Teraz, z perspektywy kilku miesi\u0119cy wiem, jakie mia\u0142am szcz\u0119\u015bcie, \u017ce moja sk\u00f3ra zbuntowa\u0142a si\u0119 \u201etylko\u201d du\u017cym przesuszeniem.<\/p>\n<p style=\"text-align: center;\" align=\"justify\">Co si\u0119 wydarzy\u0142o w listopadzie 2020? Wybra\u0142am si\u0119 na konsultacj\u0119 do Agnieszki Zieli\u0144skiej Skin Ekspert.<\/p>\n<p style=\"text-align: center;\" align=\"justify\">Przyznaj\u0119, \u017ce podchodzi\u0142am do tej konsultacji z pewn\u0105 doz\u0105 ostro\u017cno\u015bci. By\u0142am przekonana, \u017ce dostan\u0119 pewnie list\u0119 kosmetyk\u00f3w za tak zwane \u201emiliony monet\u201d i po wyj\u015bciu z konsultacji czeka mnie napad na jakie\u015b szybkie po\u017cyczki. Jakie by\u0142o moje zdziwienie!<\/p>\n<p style=\"text-align: center;\" align=\"justify\">Nie b\u0119d\u0119 si\u0119 tutaj zag\u0142\u0119bia\u0107 w szczeg\u00f3\u0142owy przebieg tej konsultacji, je\u017celi macie potrzeb\u0119 poczyta\u0107 wi\u0119cej na ten temat odsy\u0142am Was do Agnieszki <a href=\"https:\/\/skinekspert.com\/\">klik.<\/a> Na jej stronie znajdziecie mn\u00f3stwo informacji i wskaz\u00f3wek piel\u0119gnacyjnych \u2013 polecam!<\/p>\n<p style=\"text-align: center;\" align=\"justify\">Co si\u0119 wydarzy\u0142o na konsultacji? Agnieszka powiedzia\u0142a mi przede wszystkim, jak\u0105 mam sk\u00f3r\u0119 i u\u015bwiadomi\u0142a, \u017ce nie powinnam z ni\u0105 walczy\u0107, tylko jej pom\u00f3c. \u017be zask\u00f3rniki to rzecz normalna, naturalna i mo\u017cna je z\u0142agodzi\u0107, ale ca\u0142kowicie \u201eusun\u0105\u0107\u201d da si\u0119 tylko przy pomocy mocnego makija\u017cu, ewentualnie photoshopa. \u017be moje rozszerzone naczynka to niekoniecznie kwestia urody, tylko znak od sk\u00f3ry, \u017ce j\u0105 m\u0119cz\u0119, a moje przesuszenie to raz wynik mojej choroby, dwa \u2013 niew\u0142a\u015bciwej piel\u0119gnacji, kt\u00f3ra skupia\u0142a si\u0119 na tym, \u017ceby mie\u0107 g\u0142adk\u0105 buzi\u0119. Jako\u015b tak nie wpad\u0142am na to, \u017ce g\u0142adka buzia to przede wszystkim nawil\u017cona sk\u00f3ra, a nie brak niedoskona\u0142o\u015bci.<\/p>\n<p style=\"text-align: center;\" align=\"justify\">W tym punkcie dochodzimy do momentu, w kt\u00f3rym dosta\u0142am od Agnieszki plan piel\u0119gnacji sk\u00f3ry wraz z list\u0105 kosmetyk\u00f3w, kt\u00f3re jak si\u0119 okaza\u0142o nie zrujnowa\u0142y mojego portfela.<\/p>\n<p style=\"text-align: center;\" align=\"justify\">Na ten moment piel\u0119gnacja mojej twarzy dzieli si\u0119 dwa etapy.<\/p>\n<p style=\"text-align: center;\" align=\"justify\">Etap pierwszy to piel\u0119gnacja dzienna, kt\u00f3ra jest zawsze taka sama. Etap drugi to piel\u0119gnacja nocna, kt\u00f3ra zawiera trzy r\u00f3\u017cne warianty kosmetyczne, stosowane przeze mnie naprzemiennie.<\/p>\n<p style=\"text-align: center;\" align=\"justify\">Etap pierwszy \u2013 piel\u0119gnacja dzienna<\/p>\n<p align=\"justify\"><img loading=\"lazy\" class=\"alignnone size-medium wp-image-993 aligncenter\" src=\"https:\/\/dyrkowo.pl\/blog\/wp-content\/uploads\/2021\/02\/20210208_103329-169x300.jpg\" alt=\"\" width=\"169\" height=\"300\" \/><\/p>\n<p style=\"text-align: center;\" align=\"justify\">Zaczynam od przemycia buzi \u2013 niby oczywiste, ale mo\u017ce kogo\u015b tutaj zaskocz\u0119. WOD\u0104. Ewentualnie, je\u017celi widz\u0119, \u017ce twarz si\u0119 \u015bwieci, bo na przyk\u0142ad wieczorem na\u0142o\u017cy\u0142am grubsz\u0105 warstw\u0119 kremu albo zastosowa\u0142am bardziej bogat\u0105 piel\u0119gnacj\u0119, wtedy stosuj\u0119 olejek z bielendy rozrobiony na d\u0142oni z wod\u0105. Osuszam twarz czystym r\u0119czniczkiem i tyle. \u017badnych p\u0142yn\u00f3w micelarnych i tonik\u00f3w, \u017cadnego tarcia sk\u00f3ry wacikami! To jest jedna z pierwszych rzeczy, kt\u00f3re us\u0142yszycie od Agnieszki.<\/p>\n<p style=\"text-align: center;\" align=\"justify\">Nast\u0119pnie kolej na serum numer jeden. Tak w\u0142a\u015bnie! Numer jeden, bo sera na dzie\u0144 s\u0105 dwa. To pierwsze to serum antyoksydacyjne polskiej marki Basic Lab \u2013 uwielbiam je. Dos\u0142ownie kropelka na d\u0142o\u0144 i wklepuj\u0119 w sk\u00f3r\u0119. Ono do\u015b\u0107 szybko si\u0119 wch\u0142ania, wi\u0119c wklepywanie to najlepsza metoda na jego stosowanie. Uwaga, naprawd\u0119 kropla, maks dwie. Jak u\u017cyjecie go za du\u017co, twarz b\u0119dzie si\u0119 niestety klei\u0107.<\/p>\n<p style=\"text-align: center;\" align=\"justify\">Serum z Basic Lab jest na ten moment najdro\u017cszym kosmetykiem ze wszystkich, kt\u00f3rych u\u017cywam do twarzy, kosztuje oko\u0142o 80 \u2013 120 z\u0142 w zale\u017cno\u015bci od tego, gdzie je zakupicie. Ja kupuj\u0119 na Allegro. Starcza na oko\u0142o 2, 3 miesi\u0105ce codziennego porannego stosowania. Niestety nie jestem w stanie Wam powiedzie\u0107, czy jest to marka wega\u0144ska.<\/p>\n<p style=\"text-align: center;\" align=\"justify\">Po serum antyoksydacyjnym przychodzi czas na serum nawil\u017caj\u0105ce. Tutaj stosuj\u0119 kosmetyk r\u00f3wnie\u017c polskiej marki \u2013 Ava. Serum nazywa si\u0119 KOKTAJL M\u0141ODO\u015aCI HYDRO BOOST, i ma za zadanie wi\u0105za\u0107 wod\u0119 w nask\u00f3rku, jak to nazwa\u0142a Agnieszka Skin Espert \u2013 szklanka wody dla sk\u00f3ry. I faktycznie \u2013 tak jest. Kiedy nak\u0142adam to serum czuj\u0119, jak sk\u00f3ra pije i budzi si\u0119 do \u017cycia po nocy. Wiem, \u017ce to mo\u017ce brzmi g\u00f3rnolotnie, no ale pisz\u0119 Wam zupe\u0142nie subiektywnie jak<\/p>\n<p style=\"text-align: center;\" align=\"justify\">to u mnie wygl\u0105da. To serum kosztuje oko\u0142o 30 z\u0142 i starcza na jakie\u015b 2, 3 miesi\u0105ce. U\u017cywam go r\u00f3wnie\u017c do jednego z wariant\u00f3w piel\u0119gnacji nocnej. Jest do\u015b\u0107 \u0142atwo dost\u0119pne, znajdziecie je np. w drogerii Hebe, kiedy\u015b widzia\u0142am je w Rossmannie. Z tego co wiem, marka Ava jest mark\u0105 wega\u0144sk\u0105.<\/p>\n<p style=\"text-align: center;\" align=\"justify\">Po serach czas na krem numer jeden, kt\u00f3rym jest lekki krem nawil\u017caj\u0105cy Alantan, dost\u0119pny w ka\u017cdej aptece, kosztuje oko\u0142o 7 z\u0142. Ma za zadanie nawil\u017cy\u0107 delikatnie sk\u00f3r\u0119 i zrobi\u0107 \u201epodk\u0142ad\u201d pod silniejszy krem.<\/p>\n<p style=\"text-align: center;\" align=\"justify\">Kolejny etap piel\u0119gnacji porannej to bogaty krem nawil\u017caj\u0105cy. Na ten moment u\u017cywam kremu marki Iwostin \u2013 Hydro Sensitia Aktywator nawil\u017cenia i zostanie on ze mn\u0105 na pewno na bardzo, bardzo d\u0142ugo, je\u017celi nie na zawsze. Nie wspomnia\u0142am Wam o tym wcze\u015bniej, a to do\u015b\u0107 istotna informacja. Agnieszka daje kilka wariant\u00f3w poszczeg\u00f3lnych kosmetyk\u00f3w do wyboru. Ja dosta\u0142am po 3 kosmetyki z ka\u017cdego i mia\u0142am sobie wybra\u0107, co mi bardziej odpowiada. I do tej pory zmieni\u0142am jedynie ten bogatszy krem na dzie\u0144 i jeden na noc. Zanim zacz\u0119\u0142am stosowa\u0107 ten z Iwostin u\u017cywa\u0142am kremu Marki MIYA Hello Yellow i nie sprawdzi\u0142 mi si\u0119. By\u0142 dla mnie zbyt t\u0142usty i zbyt mocno naperfumowany, a ja niezbyt przepadam za mocno pachn\u0105cymi kremami to twarzy.<\/p>\n<p style=\"text-align: center;\" align=\"justify\">Ale wr\u00f3\u0107my do tego kremu. Krem Iwostin dostaniecie w aptece, w zale\u017cno\u015bci od miejsca kosztuje oko\u0142o 30 z\u0142otych. Niestety nie wiem, na jak d\u0142ugo wystarcza, bo mam go dopiero od miesi\u0105ca. Iwostin jest polsk\u0105 mark\u0105 dermokosmetyk\u00f3w i nie mam wiedzy, czy jest wega\u0144ski. Je\u017celi kto\u015b potrzebuje takiej informacji \u2013 do samodzielnego sprawdzenia.<\/p>\n<p style=\"text-align: center;\" align=\"justify\">I teraz czas na ostatni etap, czyli filtry. Przyznam si\u0119 Wam, \u017ce tutaj pope\u0142nia\u0142am grzech ci\u0119\u017cki i stosowa\u0142am je tylko na pla\u017cy. Agnieszka skutecznie wybi\u0142a mi ten pomys\u0142 z g\u0142owy, wi\u0119c teraz, nawet w pochmurny dzie\u0144, nak\u0142adam ten krem przed wyj\u015bciem z domu. U\u017cywam obecnie kremu Pharmaceric S, Medi Acne Protect z filtrem 50+. Nie powala mnie, do\u015b\u0107 mocno bieli sk\u00f3r\u0119. Zobaczymy, ja si\u0119 zachowa przy cieplejszej pogodzie. Og\u00f3lnie jest ok i krzywdy nie robi, ale bez fajerwerk\u00f3w i jak go sko\u0144cz\u0119, pewnie kupi\u0119 sobie jaki\u015b inny z tych, kt\u00f3re poleci\u0142a mi Agnieszka.<\/p>\n<p style=\"text-align: center;\" align=\"justify\">Zap\u0142aci\u0142am za niego co\u015b oko\u0142o 50 z\u0142 w aptece internetowej.<\/p>\n<p style=\"text-align: center;\" align=\"justify\">Etap drugi \u2013 piel\u0119gnacja wieczorna<\/p>\n<p style=\"text-align: center;\" align=\"justify\">Tutaj zapraszam na wy\u017csz\u0105 szko\u0142\u0119 jazdy, bo mam przez Skin Ekspertk\u0119 dobrane trzy warianty piel\u0119gnacji wieczornej. Na pocz\u0105tku wydawa\u0142o mi si\u0119 to czarn\u0105 magi\u0105, ale teraz, po kilu miesi\u0105cach jestem niezwykle wdzi\u0119czna, \u017ce ta piel\u0119gnacja wygl\u0105da w\u0142a\u015bnie tak i wbrew temu, co my\u015bla\u0142am na pocz\u0105tku, nie jest skomplikowana.<\/p>\n<p style=\"text-align: center;\" align=\"justify\">Wariant numer jeden<\/p>\n<p align=\"justify\"><img loading=\"lazy\" class=\"alignnone size-medium wp-image-992 aligncenter\" src=\"https:\/\/dyrkowo.pl\/blog\/wp-content\/uploads\/2021\/02\/20210208_101201-169x300.jpg\" alt=\"\" width=\"169\" height=\"300\" \/><\/p>\n<p style=\"text-align: center;\" align=\"justify\">Wariant pierwszy to olejek myj\u0105cy Bielenda, kt\u00f3rego te\u017c czasem u\u017cywam rano. Stosuj\u0119 od d\u0142ugiego ju\u017c czasu Olejek Bielenda CBD dost\u0119pny za oko\u0142o 20 z\u0142 praktycznie w ka\u017cdym Rossmannie. Super mi si\u0119 te\u017c sprawdzi\u0142 olejek r\u00f3\u017cany, r\u00f3wnie\u017c od Bielendy, ale dost\u0119pny jest tylko na Notino, dlatego zamawiam go raz na jaki\u015b czas przy okazji innych zakup\u00f3w.<\/p>\n<p style=\"text-align: center;\" align=\"justify\">Olejek z Bielendy to JEDYNA forma oczyszczania mojej sk\u00f3ry wieczorem. Nie u\u017cywam \u017cadnych \u017celi, tonik\u00f3w ani p\u0142yn\u00f3w micelarnych. Nak\u0142adam czysty olejek na twarz, zmywam zanieczyszczenia z ca\u0142ego dnia oraz makija\u017c, w\u0142\u0105cznie z makija\u017cem oczu. Je\u017celi mam makija\u017c do zmycia, to po zmyciu pierwszej warstwy olejku nak\u0142adam drug\u0105 i masuj\u0119 twarz, \u017ceby dok\u0142adnie, ale jednocze\u015bnie delikatnie j\u0105 domy\u0107. Zmywam olejek wod\u0105, osuszam twarz r\u0119cznikiem i tyle.<\/p>\n<p style=\"text-align: center;\" align=\"justify\">Nast\u0119pnie w wariancie numer jeden stosuj\u0119 skwalan z oliwek, kt\u00f3ry ma za zadanie odbudowa\u0107 warstw\u0119 lipidow\u0105 nask\u00f3rka. Tutaj naprawd\u0119 kilka kropelek, bo jest to serum w formie czystego olejku, wi\u0119c nie ma co przesadza\u0107 z ilo\u015bci\u0105, gdy\u017c na to id\u0105 kolejne etapy. Obecnie u\u017cywam produktu polskiej marki Mohani. Jest to kosmetyk w pe\u0142ni wega\u0144ski i kosztuje w granicach 20 \u2013 30 z\u0142 w zale\u017cno\u015bci od tego, gdzie go kupicie. Na Biochemii Urody mniejsza pojemno\u015b\u0107 kosztuje jakie\u015b 12 z\u0142.<\/p>\n<p style=\"text-align: center;\" align=\"justify\">Kolejny etap tego pierwszego wariantu to serum marki Ava, kt\u00f3re ju\u017c znacie z porannej piel\u0119gnacji.<\/p>\n<p style=\"text-align: center;\" align=\"justify\">Na sam koniec nak\u0142adam krem. Wcze\u015bniej u\u017cywa\u0142am bogatego kremu z To\u0142py, ale nie sprawdzi\u0142 mi si\u0119. Zbyt mocno pachnia\u0142 i mia\u0142 troszk\u0119 zbyt t\u0142ust\u0105 konsystencj\u0119 jak dla mnie. Teraz u\u017cywam kremu Jeju Mayu marki Skin 79 i przysi\u0119gam Wam, \u017ce jest to moje wielkie odkrycie. Uwielbiam ten krem mimo tego, \u017ce pachnie do\u015b\u0107 intensywnie, jednak zapach szybko si\u0119 ulatnia. Ma do\u015b\u0107 kontrowersyjny sk\u0142ad, w kt\u00f3rym znajduje si\u0119 sk\u0142adnik taki jak t\u0142uszcz ko\u0144ski. Tak\u017ce nie jest to produkt wega\u0144ski.<\/p>\n<p style=\"text-align: center;\" align=\"justify\">\u015awietnie dzia\u0142a, nawil\u017ca, wyg\u0142adza, rozja\u015bnia. Jest ekstra! I zdradz\u0119 Wam, \u017ce w\u0142a\u015bnie odkry\u0142am, \u017ce na stronie Skin 79 jest na niego promocja -50%. Zamiast 100 z\u0142 kosztuje 50, tak\u017ce ja dos\u0142ownie w trakcie pisania posta zam\u00f3wi\u0142am sobie opakowanie na zapas.<\/p>\n<p style=\"text-align: center;\" align=\"justify\">Wariant drugi piel\u0119gnacji wieczornej to oczywi\u015bcie oczyszczanie olejkiem, nast\u0119pnie serum z prebiotykami BEAUTY.lab marki MIYA, kt\u00f3re ma zadanie troch\u0119 uspokoi\u0107 i wyciszy\u0107 sk\u00f3r\u0119, na to nak\u0142adam krem Jeju Mayu. Serum MIYA kosztuje oko\u0142o 30 z\u0142, dost\u0119pne praktycznie w ka\u017cdym Rossmannie.<\/p>\n<p align=\"justify\"><img loading=\"lazy\" class=\"alignnone size-medium wp-image-995 aligncenter\" src=\"https:\/\/dyrkowo.pl\/blog\/wp-content\/uploads\/2021\/02\/20210208_101220-169x300.jpg\" alt=\"\" width=\"169\" height=\"300\" \/><\/p>\n<p style=\"text-align: center;\" align=\"justify\">Wariant trzeci to znowu olejek do oczyszczania, a nast\u0119pnie tonik z kwasami z\u0142uszczaj\u0105cymi z Biochemii Urody, konkretnie ten z kwasem szikimowym i migda\u0142owym. Tutaj je\u017celi nie znacie swojej sk\u00f3ry nie ryzykowa\u0142abym z kwasami. Ja kwas\u00f3w zacz\u0119\u0142am u\u017cywa\u0107 po rekomendacji Agnieszki, wcze\u015bniej w domu ich nie stosowa\u0142am. Ten tonik zamawia si\u0119 na Biochemii Urody, kosztuje w granicach 20 \u2013 30 z\u0142. Starcza na bardzo d\u0142ugo. Mam go od listopada, i przy moim stosowaniu 1-2 razy w tygodniu mam jeszcze 1\/3 opakowania. Nak\u0142adam go w ten spos\u00f3b, \u017ce nas\u0105czam nim p\u0142atek kosmetycznym i tym p\u0142atkiem \u201ewklepuj\u0119\u201d w sk\u00f3r\u0119. Nie pocieram! To jest jedyny moment, kiedy u\u017cywam do twarzy p\u0142atk\u00f3w kosmetycznych. Nast\u0119pnie czekam kilka minut, a\u017c tonik si\u0119 wch\u0142onie i zacznie \u201epracowa\u0107\u201d, po czym nak\u0142adam krem ze Skin 79, ten sam co w dw\u00f3ch poprzednich wariantach. Sk\u00f3ra po tym lekko piecze i jest czerwona jak po saunie, ale to normalne przy stosowaniu kwas\u00f3w. Gdyby by\u0142o to zbyt mocne pieczenie, nale\u017cy po zastosowaniu toniku przemy\u0107 twarz wod\u0105 i dopiero potem na\u0142o\u017cy\u0107 krem. Ja na szcz\u0119\u015bcie mimo bardzo wra\u017cliwej sk\u00f3ry mog\u0119 po wch\u0142oni\u0119ciu si\u0119 kwasu na\u0142o\u017cy\u0107 krem, bez wcze\u015bniejszego przemywania twarzy.<\/p>\n<p align=\"justify\"><img loading=\"lazy\" class=\"alignnone size-medium wp-image-994 aligncenter\" src=\"https:\/\/dyrkowo.pl\/blog\/wp-content\/uploads\/2021\/02\/20210208_101244-169x300.jpg\" alt=\"\" width=\"169\" height=\"300\" \/><\/p>\n<p style=\"text-align: center;\" align=\"justify\">Teraz jak to jest z tymi wariantami piel\u0119gnacji wieczornej. Przeplatam wariant drugi i trzeci z wariantem pierwszym. Czyli dajmy na to, poniedzia\u0142ek wariant pierwszy, wtorek wariant drugi, \u015broda wariant pierwszy, czwartek wariant trzeci, pi\u0105tek wariant pierwszy itd. Pr\u00f3bowa\u0142am stosowa\u0107 wszystkie 3 warianty jeden po drugim, ale moja sk\u00f3ra za bardzo si\u0119 przesusza\u0142a. Teraz zim\u0105 wersja przeplatania tych dw\u00f3ch wariant\u00f3w z pierwszym, bardziej bogatym sprawdza mi si\u0119 najlepiej.<\/p>\n<p style=\"text-align: center;\" align=\"justify\">Dziewczyny, co jest niezwykle wa\u017cne! Piel\u0119gnuj\u0119 nie tylko twarz, ale te\u017c szyj\u0119, dekolt i biust. Te wszystkie etapy stosuj\u0119 zar\u00f3wno na sk\u00f3r\u0119 twarzy, jak i szyi, dekoltu i piersi! Kobiety cz\u0119sto o tym zapominaj\u0105, a sk\u00f3ra w tych miejscach r\u00f3wnie\u017c potrzebuje piel\u0119gnacji!<\/p>\n<p style=\"text-align: center;\" align=\"justify\">Jak d\u0142ugo b\u0119d\u0119 stosowa\u0107 tak\u0105 dopasowan\u0105 piel\u0119gnacj\u0119? My\u015bl\u0119, \u017ce bardzo d\u0142ugo. Na ten moment spe\u0142nia ona wszystkie moje oczekiwania. Sk\u00f3ra jest g\u0142adka, napi\u0119ta, nawil\u017cona i uspokojona. Coraz cz\u0119\u015bciej chodz\u0119 bez makija\u017cu, bo polubi\u0142am si\u0119 ze swoj\u0105 sk\u00f3r\u0105! A je\u017celi ju\u017c robi\u0119 makija\u017c, to wyglda on na mojej sk\u00f3rze bardzo dobrze i pomimo tylu produkt\u00f3w nak\u0142adanych od rana, trzyma si\u0119 \u015bwietnie.<\/p>\n<p style=\"text-align: center;\" align=\"justify\">Decyzja o skorzystaniu z konsultacji u Skin Ekspert by\u0142a jedn\u0105 z lepszych inwestycji w moj\u0105 sk\u00f3r\u0119. Uwa\u017cam, \u017ce warto by\u0142o wyda\u0107 te pieni\u0105dze. Patrz\u0105c na to, ile pieni\u0119dzy wyda\u0142am na trefne kosmetyki, kt\u00f3re nie robi\u0142y nic albo tylko szkodzi\u0142y, uwa\u017cam, \u017ce i tak jestem finansowo mocno do przodu. Teraz, kiedy ko\u0144czy mi si\u0119 dany produkt kupuj\u0119 ten sam, lub je\u015bli z jakiego\u015b powodu mi si\u0119 nie sprawdzi\u0142, kupuj\u0119 inny z listy poleconych przez Agnieszk\u0119. Nie trac\u0119 czasu na bezsensowne wycieczki po sklepach, nie m\u0119cz\u0119 mojej sk\u00f3ry kolejnymi nowinkami i nie wydaj\u0119 pieni\u0119dzy na co\u015b, co mi nie s\u0142u\u017cy. Taka konsultacja kosztuje. P\u0142aci\u0142am za t\u0119 przyjemno\u015b\u0107 bodaj\u017ce 400 z\u0142, kosmetyki musia\u0142am oczywi\u015bcie zakupi\u0107 osobno. Jednak jak widzicie, nie s\u0105 to kosmetyki za setki czy tysi\u0105ce z\u0142otych. Minusem mo\u017ce by\u0107 te\u017c fakt, \u017ce Agnieszka stacjonuje w Warszawie. Ja akurat skorzysta\u0142am z konsultacji, kt\u00f3re by\u0142y w pracowni u si\u00f3str Kolanowskich, nie mam jednak wiedzy, czy i kiedy takie konsultacje w Poznaniu b\u0119d\u0105. Prawda jest taka, \u017ce jak skrzykniecie si\u0119 wi\u0119ksz\u0105 ekip\u0105, mo\u017cecie um\u00f3wi\u0107 si\u0119 na jeden dzie\u0144 i zrobi\u0107 sobie babski wypad do Warszawy. Naprawd\u0119 warto!<\/p>\n<p style=\"text-align: center;\" align=\"justify\">Ja na ten moment nie mam potrzeby kolejnej konsultacji, bo pakiet kt\u00f3ry mam \u015bwietnie mi si\u0119 sprawdza. Pewnie za jaki\u015b czas b\u0119d\u0119 rze\u017abi\u0107 temat piel\u0119gnacji ukierunkowanej bardziej przeciwstarzeniowo i przeciwzmarszczkowo, aczkolwiek kosmetyki, kt\u00f3rych teraz u\u017cywam te\u017c dzia\u0142aj\u0105 w ten spos\u00f3b. Co wa\u017cne, wiele drobnych zmarszczek bierze si\u0119 z kiepskiego nawil\u017cenia sk\u00f3ry, a w efekcie jej odwodnienia. Ja na ten moment ze zmarszczkami problemu nie mam, a te na czole to rzecz normalna i naturalna i nie widz\u0119 potrzeby, by co\u015b z tym robi\u0107.<\/p>\n<p style=\"text-align: center;\" align=\"justify\">Dajcie zna\u0107 jak Wam si\u0119 podoba\u0142 wpis! Napiszcie do mnie tutaj albo na <a href=\"https:\/\/www.instagram.com\/dyrkowo\/\">Instagramie<\/a>. Pode\u015blijcie artyku\u0142 swoim kole\u017cankom i mamom.<\/p>\n<p style=\"text-align: center;\" align=\"justify\">W kolejnej ods\u0142onie pogadamy o piel\u0119gnacji twarzy w gabinecie kosmetycznym. B\u0119dzie to rozmowa z ekspertem!<\/p>\n<p style=\"text-align: center;\" align=\"justify\">Post nie jest sponsorowany, za wszystkie produkty zap\u0142aci\u0142am sama i stosuj\u0119 je od d\u0142u\u017cszego czasu.<\/p>\n\n","protected":false},"excerpt":{"rendered":"<p>Dzisiaj zapraszam Was na i\u015bcie kobiecy poniedzia\u0142ek w ods\u0142onie piel\u0119gnacji. Ostrzegam, b\u0119dzie d\u0142ugo! Pogoda za oknem zach\u0119ca do tego, \u017ceby si\u0119 troch\u0119 otuli\u0107 i porozpieszcza\u0107, a w przypadku nas, kobiet zacz\u0119\u0142abym od rozpieszczania sk\u00f3ry naszej twarzy. Mamy teraz trudny okres dla naszej cery. Zimno na dworze, sucho i ciep\u0142o w pomieszczeniach, pewnie wiele z Was&hellip;&nbsp;<a href=\"https:\/\/dyrkowo.pl\/blog\/pielegnacja-twarzy-kobiecyponiedzialek\/\" class=\"\" rel=\"bookmark\">Czytaj wi\u0119cej &raquo;<span class=\"screen-reader-text\">Piel\u0119gnacja twarzy &#8211; #kobiecyponiedzialek<\/span><\/a><\/p>\n","protected":false},"author":2,"featured_media":0,"comment_status":"open","ping_status":"open","sticky":false,"template":"","format":"standard","meta":{"neve_meta_sidebar":"","neve_meta_container":"","neve_meta_enable_content_width":"off","neve_meta_content_width":0,"neve_meta_title_alignment":"","neve_meta_author_avatar":"","neve_post_elements_order":"","neve_meta_disable_header":"","neve_meta_disable_footer":"","neve_meta_disable_title":""},"categories":[1],"tags":[],"acf":[],"_links":{"self":[{"href":"https:\/\/dyrkowo.pl\/blog\/wp-json\/wp\/v2\/posts\/991"}],"collection":[{"href":"https:\/\/dyrkowo.pl\/blog\/wp-json\/wp\/v2\/posts"}],"about":[{"href":"https:\/\/dyrkowo.pl\/blog\/wp-json\/wp\/v2\/types\/post"}],"author":[{"embeddable":true,"href":"https:\/\/dyrkowo.pl\/blog\/wp-json\/wp\/v2\/users\/2"}],"replies":[{"embeddable":true,"href":"https:\/\/dyrkowo.pl\/blog\/wp-json\/wp\/v2\/comments?post=991"}],"version-history":[{"count":10,"href":"https:\/\/dyrkowo.pl\/blog\/wp-json\/wp\/v2\/posts\/991\/revisions"}],"predecessor-version":[{"id":1006,"href":"https:\/\/dyrkowo.pl\/blog\/wp-json\/wp\/v2\/posts\/991\/revisions\/1006"}],"wp:attachment":[{"href":"https:\/\/dyrkowo.pl\/blog\/wp-json\/wp\/v2\/media?parent=991"}],"wp:term":[{"taxonomy":"category","embeddable":true,"href":"https:\/\/dyrkowo.pl\/blog\/wp-json\/wp\/v2\/categories?post=991"},{"taxonomy":"post_tag","embeddable":true,"href":"https:\/\/dyrkowo.pl\/blog\/wp-json\/wp\/v2\/tags?post=991"}],"curies":[{"name":"wp","href":"https:\/\/api.w.org\/{rel}","templated":true}]}}